{"id":8688,"date":"2025-09-02T08:24:39","date_gmt":"2025-09-02T08:24:39","guid":{"rendered":"https:\/\/www.7rsa.pl\/?p=8688"},"modified":"2025-09-02T08:24:40","modified_gmt":"2025-09-02T08:24:40","slug":"magdalena-uler-kleczek-joins-7r-management-board","status":"publish","type":"post","link":"https:\/\/www.7rsa.pl\/en\/blog\/magdalena-uler-kleczek-joins-7r-management-board\/","title":{"rendered":"Magdalena Uler-K\u0142eczek joins 7R Management Board"},"content":{"rendered":"    <div class=\"post-text\">\n        <p>&nbsp;<\/p>\n<p><strong>7R is pleased to announce the appointment of Magdalena Uler-K\u0142eczek to the Management Board, effective immediately. Currently serving as Chief Investment Officer and interim Chief Development Officer, Magda has been a key figure in 7R&#8217;s strategic growth since joining in early 2023.<\/strong><\/p>\n    <\/div>\n\n\n    <div class=\"post-text\">\n        <p>During her tenure, she has structured joint venture agreements that have secured over EUR 100 million in capital from business partners. Her leadership in the Capital Markets department has led to several high-profile transactions, including the sale of a warehouse portfolio to the Investika fund for EUR 150 million, 7R Wroc\u0142aw West II to EQT and the 7R BTS Bielsko-Bia\u0142a project to Accolade and Conseq Investment Management.<\/p>\n<p>Magda&#8217;s promotion to Chief Investment Officer in April 2025 recognized her exceptional achievements and leadership skills. With 15 years of experience in the real estate sector, including roles at JLL and Colliers, she is a respected leader known for her strategic thinking and ability to build strong relationships.<\/p>\n<p>In her new role on the Management Board, Magda will focus on shaping the company&#8217;s strategic direction, providing crucial input to ensure 7R&#8217;s continued growth and success. Her involvement in strategic planning will help position 7R to seize new opportunities and strengthen its market position.<\/p>\n<p><em>&#8220;Magda is a recognized expert in our industry,&#8221;<\/em> said Petri Valkama, Member of the 7R Supervisory Board. <em>&#8220;Her adeptness in this dynamic sector and ability to meet the demands of investment funds make her an invaluable asset. Her appointment to the Management Board is not only a testament to her contributions but also an invitation to collaboratively shape the future of 7R\u201d.<\/em><\/p>\n<p>&nbsp;<\/p>\n<p>&nbsp;<\/p>\n    <\/div>\n\n\n    <div class=\"post-text\">\n        <p>ABOUT 7R<\/p>\n<p>7R is a well-established developer of commercial real estate operating in Poland and Czechia, specializing in high-quality, flexible warehouse solutions for lease. Serving a range of industries, 7R leverages its deep expertise to offer warehouse and industrial facilities, including tailored built-to-suit (BTS) projects. Originally founded in Poland, the company\u2019s portfolio spans large-scale logistics parks, small business units (SBUs), and 7R City Flex urban warehouses. With a track record of over 1.8 million sq. m. in completed projects and an additional 2.5 million sq. m. GLA in progress across Poland and Czechia, 7R is positioned as a trusted, financially robust partner. Environmental, Social, and Governance (ESG) initiatives are fundamental to 7R\u2019s approach, highlighted by the 7R Green Saver building standard that boosts energy efficiency and supports tenants in achieving sustainability goals. The Company is also committed to community engagement and upholding the highest standards of corporate governance. For more information, visit <a href=\"http:\/\/www.7rsa.pl\">www.7rsa.pl<\/a><\/p>\n<p>&nbsp;<\/p>\n    <\/div>\n","protected":false},"excerpt":{"rendered":"<p>7R announces  that Andrzej Wro\u0144ski will be joining the company as CEO to drive further strategic expansion <\/p>\n","protected":false},"author":19,"featured_media":8662,"comment_status":"open","ping_status":"open","sticky":false,"template":"","format":"standard","meta":{"_acf_changed":false,"footnotes":""},"categories":[1],"tags":[],"class_list":["post-8688","post","type-post","status-publish","format-standard","has-post-thumbnail","hentry","category-uncategorized"],"acf":[],"yoast_head":"<!-- This site is optimized with the Yoast SEO plugin v26.9 - https:\/\/yoast.com\/product\/yoast-seo-wordpress\/ -->\n<title>Magdalena Uler-K\u0142eczek joins 7R Management Board - Grupa 7R - deweloper wysokiej jako\u015bci magazyn\u00f3w<\/title>\n<meta name=\"robots\" content=\"index, follow, max-snippet:-1, max-image-preview:large, max-video-preview:-1\" \/>\n<link rel=\"canonical\" href=\"https:\/\/www.7rsa.pl\/en\/blog\/magdalena-uler-kleczek-joins-7r-management-board\/\" \/>\n<meta property=\"og:locale\" content=\"en_US\" \/>\n<meta property=\"og:type\" content=\"article\" \/>\n<meta property=\"og:title\" content=\"Magdalena Uler-K\u0142eczek joins 7R Management Board - Grupa 7R - deweloper wysokiej jako\u015bci magazyn\u00f3w\" \/>\n<meta property=\"og:description\" content=\"7R announces that Andrzej Wro\u0144ski will be joining the company as CEO to drive further strategic expansion\" \/>\n<meta property=\"og:url\" content=\"https:\/\/www.7rsa.pl\/en\/blog\/magdalena-uler-kleczek-joins-7r-management-board\/\" \/>\n<meta property=\"og:site_name\" content=\"Grupa 7R - deweloper wysokiej jako\u015bci magazyn\u00f3w\" \/>\n<meta property=\"article:published_time\" content=\"2025-09-02T08:24:39+00:00\" \/>\n<meta property=\"article:modified_time\" content=\"2025-09-02T08:24:40+00:00\" \/>\n<meta property=\"og:image\" content=\"https:\/\/www.7rsa.pl\/wp-content\/uploads\/Magda_Uler_Kleczek.com_-1-e1756736589527.jpg\" \/>\n\t<meta property=\"og:image:width\" content=\"853\" \/>\n\t<meta property=\"og:image:height\" content=\"1280\" \/>\n\t<meta property=\"og:image:type\" content=\"image\/jpeg\" \/>\n<meta name=\"author\" content=\"Marta Hanczewska-Teofilak\" \/>\n<meta name=\"twitter:card\" content=\"summary_large_image\" \/>\n<meta name=\"twitter:label1\" content=\"Written by\" \/>\n\t<meta name=\"twitter:data1\" content=\"Marta Hanczewska-Teofilak\" \/>\n\t<meta name=\"twitter:label2\" content=\"Est. reading time\" \/>\n\t<meta name=\"twitter:data2\" content=\"1 minute\" \/>\n<script type=\"application\/ld+json\" class=\"yoast-schema-graph\">{\"@context\":\"https:\/\/schema.org\",\"@graph\":[{\"@type\":\"Article\",\"@id\":\"https:\/\/www.7rsa.pl\/en\/blog\/magdalena-uler-kleczek-joins-7r-management-board\/#article\",\"isPartOf\":{\"@id\":\"https:\/\/www.7rsa.pl\/en\/blog\/magdalena-uler-kleczek-joins-7r-management-board\/\"},\"author\":{\"name\":\"Marta Hanczewska-Teofilak\",\"@id\":\"https:\/\/www.7rsa.pl\/en\/#\/schema\/person\/c7c081b6fa31b6bef2fb5b4f025c0fe0\"},\"headline\":\"Magdalena Uler-K\u0142eczek joins 7R Management Board\",\"datePublished\":\"2025-09-02T08:24:39+00:00\",\"dateModified\":\"2025-09-02T08:24:40+00:00\",\"mainEntityOfPage\":{\"@id\":\"https:\/\/www.7rsa.pl\/en\/blog\/magdalena-uler-kleczek-joins-7r-management-board\/\"},\"wordCount\":7,\"commentCount\":0,\"image\":{\"@id\":\"https:\/\/www.7rsa.pl\/en\/blog\/magdalena-uler-kleczek-joins-7r-management-board\/#primaryimage\"},\"thumbnailUrl\":\"https:\/\/www.7rsa.pl\/wp-content\/uploads\/Magda_Uler_Kleczek.com_-1-e1756736589527.jpg\",\"inLanguage\":\"en-US\",\"potentialAction\":[{\"@type\":\"CommentAction\",\"name\":\"Comment\",\"target\":[\"https:\/\/www.7rsa.pl\/en\/blog\/magdalena-uler-kleczek-joins-7r-management-board\/#respond\"]}]},{\"@type\":\"WebPage\",\"@id\":\"https:\/\/www.7rsa.pl\/en\/blog\/magdalena-uler-kleczek-joins-7r-management-board\/\",\"url\":\"https:\/\/www.7rsa.pl\/en\/blog\/magdalena-uler-kleczek-joins-7r-management-board\/\",\"name\":\"Magdalena Uler-K\u0142eczek joins 7R Management Board - Grupa 7R - deweloper wysokiej jako\u015bci magazyn\u00f3w\",\"isPartOf\":{\"@id\":\"https:\/\/www.7rsa.pl\/en\/#website\"},\"primaryImageOfPage\":{\"@id\":\"https:\/\/www.7rsa.pl\/en\/blog\/magdalena-uler-kleczek-joins-7r-management-board\/#primaryimage\"},\"image\":{\"@id\":\"https:\/\/www.7rsa.pl\/en\/blog\/magdalena-uler-kleczek-joins-7r-management-board\/#primaryimage\"},\"thumbnailUrl\":\"https:\/\/www.7rsa.pl\/wp-content\/uploads\/Magda_Uler_Kleczek.com_-1-e1756736589527.jpg\",\"datePublished\":\"2025-09-02T08:24:39+00:00\",\"dateModified\":\"2025-09-02T08:24:40+00:00\",\"author\":{\"@id\":\"https:\/\/www.7rsa.pl\/en\/#\/schema\/person\/c7c081b6fa31b6bef2fb5b4f025c0fe0\"},\"breadcrumb\":{\"@id\":\"https:\/\/www.7rsa.pl\/en\/blog\/magdalena-uler-kleczek-joins-7r-management-board\/#breadcrumb\"},\"inLanguage\":\"en-US\",\"potentialAction\":[{\"@type\":\"ReadAction\",\"target\":[\"https:\/\/www.7rsa.pl\/en\/blog\/magdalena-uler-kleczek-joins-7r-management-board\/\"]}]},{\"@type\":\"ImageObject\",\"inLanguage\":\"en-US\",\"@id\":\"https:\/\/www.7rsa.pl\/en\/blog\/magdalena-uler-kleczek-joins-7r-management-board\/#primaryimage\",\"url\":\"https:\/\/www.7rsa.pl\/wp-content\/uploads\/Magda_Uler_Kleczek.com_-1-e1756736589527.jpg\",\"contentUrl\":\"https:\/\/www.7rsa.pl\/wp-content\/uploads\/Magda_Uler_Kleczek.com_-1-e1756736589527.jpg\",\"width\":853,\"height\":1280},{\"@type\":\"BreadcrumbList\",\"@id\":\"https:\/\/www.7rsa.pl\/en\/blog\/magdalena-uler-kleczek-joins-7r-management-board\/#breadcrumb\",\"itemListElement\":[{\"@type\":\"ListItem\",\"position\":1,\"name\":\"Home\",\"item\":\"https:\/\/www.7rsa.pl\/en\/\"},{\"@type\":\"ListItem\",\"position\":2,\"name\":\"Magdalena Uler-K\u0142eczek joins 7R Management Board\"}]},{\"@type\":\"WebSite\",\"@id\":\"https:\/\/www.7rsa.pl\/en\/#website\",\"url\":\"https:\/\/www.7rsa.pl\/en\/\",\"name\":\"Grupa 7R - deweloper wysokiej jako\u015bci magazyn\u00f3w\",\"description\":\"Magazyny logistyczne i hale magazynowe do wynaj\u0119cia - 7R\",\"potentialAction\":[{\"@type\":\"SearchAction\",\"target\":{\"@type\":\"EntryPoint\",\"urlTemplate\":\"https:\/\/www.7rsa.pl\/en\/?s={search_term_string}\"},\"query-input\":{\"@type\":\"PropertyValueSpecification\",\"valueRequired\":true,\"valueName\":\"search_term_string\"}}],\"inLanguage\":\"en-US\"},{\"@type\":\"Person\",\"@id\":\"https:\/\/www.7rsa.pl\/en\/#\/schema\/person\/c7c081b6fa31b6bef2fb5b4f025c0fe0\",\"name\":\"Marta Hanczewska-Teofilak\",\"image\":{\"@type\":\"ImageObject\",\"inLanguage\":\"en-US\",\"@id\":\"https:\/\/www.7rsa.pl\/en\/#\/schema\/person\/image\/\",\"url\":\"https:\/\/secure.gravatar.com\/avatar\/657c351969ec0295adc8984681bd2b6c0ac508fa6b3408aa76f9bbd76a3050ce?s=96&d=mm&r=g\",\"contentUrl\":\"https:\/\/secure.gravatar.com\/avatar\/657c351969ec0295adc8984681bd2b6c0ac508fa6b3408aa76f9bbd76a3050ce?s=96&d=mm&r=g\",\"caption\":\"Marta Hanczewska-Teofilak\"},\"url\":\"https:\/\/www.7rsa.pl\/en\/blog\/author\/marta-hanczewska-teofilak\/\"}]}<\/script>\n<!-- \/ Yoast SEO plugin. -->","yoast_head_json":{"title":"Magdalena Uler-K\u0142eczek joins 7R Management Board - Grupa 7R - deweloper wysokiej jako\u015bci magazyn\u00f3w","robots":{"index":"index","follow":"follow","max-snippet":"max-snippet:-1","max-image-preview":"max-image-preview:large","max-video-preview":"max-video-preview:-1"},"canonical":"https:\/\/www.7rsa.pl\/en\/blog\/magdalena-uler-kleczek-joins-7r-management-board\/","og_locale":"en_US","og_type":"article","og_title":"Magdalena Uler-K\u0142eczek joins 7R Management Board - Grupa 7R - deweloper wysokiej jako\u015bci magazyn\u00f3w","og_description":"7R announces that Andrzej Wro\u0144ski will be joining the company as CEO to drive further strategic expansion","og_url":"https:\/\/www.7rsa.pl\/en\/blog\/magdalena-uler-kleczek-joins-7r-management-board\/","og_site_name":"Grupa 7R - deweloper wysokiej jako\u015bci magazyn\u00f3w","article_published_time":"2025-09-02T08:24:39+00:00","article_modified_time":"2025-09-02T08:24:40+00:00","og_image":[{"width":853,"height":1280,"url":"https:\/\/www.7rsa.pl\/wp-content\/uploads\/Magda_Uler_Kleczek.com_-1-e1756736589527.jpg","type":"image\/jpeg"}],"author":"Marta Hanczewska-Teofilak","twitter_card":"summary_large_image","twitter_misc":{"Written by":"Marta Hanczewska-Teofilak","Est. reading time":"1 minute"},"schema":{"@context":"https:\/\/schema.org","@graph":[{"@type":"Article","@id":"https:\/\/www.7rsa.pl\/en\/blog\/magdalena-uler-kleczek-joins-7r-management-board\/#article","isPartOf":{"@id":"https:\/\/www.7rsa.pl\/en\/blog\/magdalena-uler-kleczek-joins-7r-management-board\/"},"author":{"name":"Marta Hanczewska-Teofilak","@id":"https:\/\/www.7rsa.pl\/en\/#\/schema\/person\/c7c081b6fa31b6bef2fb5b4f025c0fe0"},"headline":"Magdalena Uler-K\u0142eczek joins 7R Management Board","datePublished":"2025-09-02T08:24:39+00:00","dateModified":"2025-09-02T08:24:40+00:00","mainEntityOfPage":{"@id":"https:\/\/www.7rsa.pl\/en\/blog\/magdalena-uler-kleczek-joins-7r-management-board\/"},"wordCount":7,"commentCount":0,"image":{"@id":"https:\/\/www.7rsa.pl\/en\/blog\/magdalena-uler-kleczek-joins-7r-management-board\/#primaryimage"},"thumbnailUrl":"https:\/\/www.7rsa.pl\/wp-content\/uploads\/Magda_Uler_Kleczek.com_-1-e1756736589527.jpg","inLanguage":"en-US","potentialAction":[{"@type":"CommentAction","name":"Comment","target":["https:\/\/www.7rsa.pl\/en\/blog\/magdalena-uler-kleczek-joins-7r-management-board\/#respond"]}]},{"@type":"WebPage","@id":"https:\/\/www.7rsa.pl\/en\/blog\/magdalena-uler-kleczek-joins-7r-management-board\/","url":"https:\/\/www.7rsa.pl\/en\/blog\/magdalena-uler-kleczek-joins-7r-management-board\/","name":"Magdalena Uler-K\u0142eczek joins 7R Management Board - Grupa 7R - deweloper wysokiej jako\u015bci magazyn\u00f3w","isPartOf":{"@id":"https:\/\/www.7rsa.pl\/en\/#website"},"primaryImageOfPage":{"@id":"https:\/\/www.7rsa.pl\/en\/blog\/magdalena-uler-kleczek-joins-7r-management-board\/#primaryimage"},"image":{"@id":"https:\/\/www.7rsa.pl\/en\/blog\/magdalena-uler-kleczek-joins-7r-management-board\/#primaryimage"},"thumbnailUrl":"https:\/\/www.7rsa.pl\/wp-content\/uploads\/Magda_Uler_Kleczek.com_-1-e1756736589527.jpg","datePublished":"2025-09-02T08:24:39+00:00","dateModified":"2025-09-02T08:24:40+00:00","author":{"@id":"https:\/\/www.7rsa.pl\/en\/#\/schema\/person\/c7c081b6fa31b6bef2fb5b4f025c0fe0"},"breadcrumb":{"@id":"https:\/\/www.7rsa.pl\/en\/blog\/magdalena-uler-kleczek-joins-7r-management-board\/#breadcrumb"},"inLanguage":"en-US","potentialAction":[{"@type":"ReadAction","target":["https:\/\/www.7rsa.pl\/en\/blog\/magdalena-uler-kleczek-joins-7r-management-board\/"]}]},{"@type":"ImageObject","inLanguage":"en-US","@id":"https:\/\/www.7rsa.pl\/en\/blog\/magdalena-uler-kleczek-joins-7r-management-board\/#primaryimage","url":"https:\/\/www.7rsa.pl\/wp-content\/uploads\/Magda_Uler_Kleczek.com_-1-e1756736589527.jpg","contentUrl":"https:\/\/www.7rsa.pl\/wp-content\/uploads\/Magda_Uler_Kleczek.com_-1-e1756736589527.jpg","width":853,"height":1280},{"@type":"BreadcrumbList","@id":"https:\/\/www.7rsa.pl\/en\/blog\/magdalena-uler-kleczek-joins-7r-management-board\/#breadcrumb","itemListElement":[{"@type":"ListItem","position":1,"name":"Home","item":"https:\/\/www.7rsa.pl\/en\/"},{"@type":"ListItem","position":2,"name":"Magdalena Uler-K\u0142eczek joins 7R Management Board"}]},{"@type":"WebSite","@id":"https:\/\/www.7rsa.pl\/en\/#website","url":"https:\/\/www.7rsa.pl\/en\/","name":"Grupa 7R - deweloper wysokiej jako\u015bci magazyn\u00f3w","description":"Magazyny logistyczne i hale magazynowe do wynaj\u0119cia - 7R","potentialAction":[{"@type":"SearchAction","target":{"@type":"EntryPoint","urlTemplate":"https:\/\/www.7rsa.pl\/en\/?s={search_term_string}"},"query-input":{"@type":"PropertyValueSpecification","valueRequired":true,"valueName":"search_term_string"}}],"inLanguage":"en-US"},{"@type":"Person","@id":"https:\/\/www.7rsa.pl\/en\/#\/schema\/person\/c7c081b6fa31b6bef2fb5b4f025c0fe0","name":"Marta Hanczewska-Teofilak","image":{"@type":"ImageObject","inLanguage":"en-US","@id":"https:\/\/www.7rsa.pl\/en\/#\/schema\/person\/image\/","url":"https:\/\/secure.gravatar.com\/avatar\/657c351969ec0295adc8984681bd2b6c0ac508fa6b3408aa76f9bbd76a3050ce?s=96&d=mm&r=g","contentUrl":"https:\/\/secure.gravatar.com\/avatar\/657c351969ec0295adc8984681bd2b6c0ac508fa6b3408aa76f9bbd76a3050ce?s=96&d=mm&r=g","caption":"Marta Hanczewska-Teofilak"},"url":"https:\/\/www.7rsa.pl\/en\/blog\/author\/marta-hanczewska-teofilak\/"}]}},"_links":{"self":[{"href":"https:\/\/www.7rsa.pl\/en\/wp-json\/wp\/v2\/posts\/8688","targetHints":{"allow":["GET"]}}],"collection":[{"href":"https:\/\/www.7rsa.pl\/en\/wp-json\/wp\/v2\/posts"}],"about":[{"href":"https:\/\/www.7rsa.pl\/en\/wp-json\/wp\/v2\/types\/post"}],"author":[{"embeddable":true,"href":"https:\/\/www.7rsa.pl\/en\/wp-json\/wp\/v2\/users\/19"}],"replies":[{"embeddable":true,"href":"https:\/\/www.7rsa.pl\/en\/wp-json\/wp\/v2\/comments?post=8688"}],"version-history":[{"count":1,"href":"https:\/\/www.7rsa.pl\/en\/wp-json\/wp\/v2\/posts\/8688\/revisions"}],"predecessor-version":[{"id":8689,"href":"https:\/\/www.7rsa.pl\/en\/wp-json\/wp\/v2\/posts\/8688\/revisions\/8689"}],"wp:featuredmedia":[{"embeddable":true,"href":"https:\/\/www.7rsa.pl\/en\/wp-json\/wp\/v2\/media\/8662"}],"wp:attachment":[{"href":"https:\/\/www.7rsa.pl\/en\/wp-json\/wp\/v2\/media?parent=8688"}],"wp:term":[{"taxonomy":"category","embeddable":true,"href":"https:\/\/www.7rsa.pl\/en\/wp-json\/wp\/v2\/categories?post=8688"},{"taxonomy":"post_tag","embeddable":true,"href":"https:\/\/www.7rsa.pl\/en\/wp-json\/wp\/v2\/tags?post=8688"}],"curies":[{"name":"wp","href":"https:\/\/api.w.org\/{rel}","templated":true}]}}